{"id":35651,"date":"2025-10-22T09:30:00","date_gmt":"2025-10-22T06:30:00","guid":{"rendered":"https:\/\/ekukka.fi\/wp2\/?p=35651"},"modified":"2025-10-14T13:22:26","modified_gmt":"2025-10-14T10:22:26","slug":"ekukka-kauppias-esittelyssa-pian-kukkapuoti","status":"publish","type":"post","link":"https:\/\/ekukka.fi\/wp2\/ekukka-kauppias-esittelyssa-pian-kukkapuoti\/","title":{"rendered":"eKukka-kauppias esittelyss\u00e4: Pian Kukkapuoti"},"content":{"rendered":"\n<p><\/p>\n\n\n\n<h1 class=\"wp-block-heading\">Pian Kukkapuoti on M\u00e4nt\u00e4ss\u00e4 sijaitseva l\u00e4mminhenkinen ja monipuolinen kukkakauppa, joka on kulkenut pitk\u00e4n matkan opiskelijakeikoista omaan yritykseen ja edelleen hautauspalveluiden tarjoajaksi. Pian tarina on t\u00e4ynn\u00e4 intohimoa, luovuutta ja asiakaspalvelun syd\u00e4mellisyytt\u00e4.<br><br><\/h1>\n\n\n\n<h2 class=\"wp-block-heading\"><strong><strong><strong><strong><strong>Pitk\u00e4 matka opiskelijasta yritt\u00e4j\u00e4ksi<\/strong><\/strong><\/strong><\/strong><\/strong><\/h2>\n\n\n\n<p>Ensimm\u00e4inen kosketus alalle tuli jo yl\u00e4asteella ty\u00f6harjoittelussa. \u201cKahden viikon harjoittelu puutarhatalossa vei syd\u00e4meni,\u201d Pia Nieminen muistelee. Sen j\u00e4lkeen h\u00e4n ty\u00f6skenteli jouluapulaisena ja kes\u00e4ty\u00f6ntekij\u00e4n\u00e4 samassa liikkeess\u00e4, ja vaikka opiskelut veiv\u00e4t hetkeksi muualle, veri veti takaisin kukkien pariin.<br>Kun puutarhamyym\u00e4l\u00e4 lopetti ja sen ty\u00f6ntekij\u00e4 jatkoi toimintaa pienemp\u00e4n\u00e4 kukkakauppana, Pia oli usein mukana apulaisena. \u201cLiukuhihnaty\u00f6 ei tuntunut omalta, joten hakeuduin floristikoulutukseen oppisopimuksella tuttuun kukkakauppaan,\u201d h\u00e4n kertoo. Valmistuminen tapahtui vuonna 2000, ja vuonna 2006 Pia osti oppi\u00e4itins\u00e4 yrityksen. Siit\u00e4 l\u00e4htien Pian Kukkapuoti on ollut h\u00e4nen el\u00e4m\u00e4nty\u00f6ns\u00e4.<br>Vuonna 2020 yritys laajensi toimintaansa my\u00f6s hautauspalveluihin, kun Pia suoritti hautauspalvelun ammattitutkinnon. Vuoden vaihteessa liike juhlii 20-vuotista taivaltaan \u2013 ja sen my\u00f6t\u00e4 alkavaa juhlavuotta.&nbsp;<br><\/p>\n\n\n\n<figure class=\"wp-block-image size-full is-resized\"><img decoding=\"async\" width=\"800\" height=\"1200\" src=\"https:\/\/ekukka.fi\/wp2\/wp-content\/uploads\/2025\/10\/piankukkapuoti-ekukka-4.jpg\" alt=\"\" class=\"wp-image-35655\" style=\"width:797px;height:auto\" srcset=\"https:\/\/ekukka.fi\/wp2\/wp-content\/uploads\/2025\/10\/piankukkapuoti-ekukka-4.jpg 800w, https:\/\/ekukka.fi\/wp2\/wp-content\/uploads\/2025\/10\/piankukkapuoti-ekukka-4-480x270.jpg 480w\" sizes=\"(min-width: 0px) and (max-width: 480px) 480px, (min-width: 481px) 800px, 100vw\" \/><\/figure>\n\n\n\n<p><\/p>\n\n\n\n<h2 class=\"wp-block-heading\"><strong><strong><strong><strong><strong><strong>Tiimi ja osaaminen<\/strong><\/strong><\/strong><\/strong><\/strong><\/strong><\/h2>\n\n\n\n<p>Pia ei ole polullaan yksin: mukana on pitk\u00e4aikainen yst\u00e4v\u00e4, puutarhuri Eija Sillfors-Neuvonen, jonka kanssa tiet kohtasivat jo puutarhatalon ajoilta. Tiimiss\u00e4 ty\u00f6skentelee my\u00f6s Pinja V\u00e4is\u00e4nen, joka suoritti floristin tutkinnon oppisopimuksella liikkeess\u00e4. Lis\u00e4ksi Kukkapuodissa on n\u00e4hty vuosien varrella monia opiskelijoita ja ty\u00f6harjoittelijoita \u2013 t\u00e4rke\u00e4 osa arkea ja alan jatkuvuutta.<br><\/p>\n\n\n\n<figure class=\"wp-block-image size-full is-resized\"><img decoding=\"async\" width=\"800\" height=\"1200\" src=\"https:\/\/ekukka.fi\/wp2\/wp-content\/uploads\/2025\/10\/piankukkapuoti-ekukka-3.jpg\" alt=\"\" class=\"wp-image-35654\" style=\"width:797px;height:auto\" srcset=\"https:\/\/ekukka.fi\/wp2\/wp-content\/uploads\/2025\/10\/piankukkapuoti-ekukka-3.jpg 800w, https:\/\/ekukka.fi\/wp2\/wp-content\/uploads\/2025\/10\/piankukkapuoti-ekukka-3-480x270.jpg 480w\" sizes=\"(min-width: 0px) and (max-width: 480px) 480px, (min-width: 481px) 800px, 100vw\" \/><\/figure>\n\n\n\n<p><\/p>\n\n\n\n<h2 class=\"wp-block-heading\"><strong><strong><strong><strong><strong>Inspiraatio ja arki<\/strong><\/strong><\/strong><\/strong><\/strong><\/h2>\n\n\n\n<p>Monipuolisuus, vuodenajat, sesongit ja v\u00e4rit inspiroivat ty\u00f6t\u00e4 jatkuvasti. Asiakkaat tuovat oman energiansa ja haastavat luovuuteen. \u201cErityisen palkitsevaa on, kun alkuun etsimme yhteist\u00e4 s\u00e4velt\u00e4 ja lopulta asiakas on enemm\u00e4n kuin tyytyv\u00e4inen \u2013 joskus onnistumme jopa ylitt\u00e4m\u00e4\u00e4n odotukset,\u201d Pia kuvailee.<br><\/p>\n\n\n\n<figure class=\"wp-block-image size-full is-resized\"><img decoding=\"async\" width=\"800\" height=\"1200\" src=\"https:\/\/ekukka.fi\/wp2\/wp-content\/uploads\/2025\/10\/piankukkapuoti-ekukka-2.jpg\" alt=\"\" class=\"wp-image-35653\" style=\"width:797px;height:auto\" srcset=\"https:\/\/ekukka.fi\/wp2\/wp-content\/uploads\/2025\/10\/piankukkapuoti-ekukka-2.jpg 800w, https:\/\/ekukka.fi\/wp2\/wp-content\/uploads\/2025\/10\/piankukkapuoti-ekukka-2-480x270.jpg 480w\" sizes=\"(min-width: 0px) and (max-width: 480px) 480px, (min-width: 481px) 800px, 100vw\" \/><\/figure>\n\n\n\n<p><\/p>\n\n\n\n<h2 class=\"wp-block-heading\"><strong><strong><strong><strong><strong>Arvot ja palvelu<\/strong><\/strong><\/strong><\/strong><\/strong><\/h2>\n\n\n\n<p>Pian Kukkapuodin arvoissa korostuvat asiakasl\u00e4ht\u00f6isyys, lupauksista kiinni pit\u00e4minen, ammattitaito ja kehityshakuisuus. Yht\u00e4 t\u00e4rke\u00e4\u00e4 on henkil\u00f6st\u00f6n hyvinvointi ja levollinen ilmapiiri. \u201cEmme koskaan tied\u00e4, mill\u00e4 asialla asiakas tulee, joten kohtaamme heid\u00e4t aina tyynesti ja lempe\u00e4sti,\u201d Pia sanoo.<br><\/p>\n\n\n\n<figure class=\"wp-block-image size-full is-resized\"><img decoding=\"async\" width=\"800\" height=\"1200\" src=\"https:\/\/ekukka.fi\/wp2\/wp-content\/uploads\/2025\/10\/piankukkapuoti-ekukka-1.jpg\" alt=\"\" class=\"wp-image-35652\" style=\"width:797px;height:auto\" srcset=\"https:\/\/ekukka.fi\/wp2\/wp-content\/uploads\/2025\/10\/piankukkapuoti-ekukka-1.jpg 800w, https:\/\/ekukka.fi\/wp2\/wp-content\/uploads\/2025\/10\/piankukkapuoti-ekukka-1-480x270.jpg 480w\" sizes=\"(min-width: 0px) and (max-width: 480px) 480px, (min-width: 481px) 800px, 100vw\" \/><\/figure>\n\n\n\n<p>Vasemmalta: Eija, Pia ja Pinja<\/p>\n\n\n\n<h2 class=\"wp-block-heading\"><strong><strong><strong><strong><strong><strong>Tunnelma ja somistus<\/strong><\/strong><\/strong><\/strong><\/strong><\/strong><\/h2>\n\n\n\n<p>Myym\u00e4l\u00e4ss\u00e4 soi rauhoittava musiikki, joka luo kiireett\u00f6m\u00e4n tunnelman. Isot n\u00e4yteikkunat ovat t\u00e4rke\u00e4 osa liikkeen ilmett\u00e4, ja niiden somistukseen panostetaan aina intohimoisesti. Varsinkin jouluikkunasta on tullut paikallinen perinne, jota asiakkaat odottavat vuosi toisensa j\u00e4lkeen. \u201cT\u00e4n\u00e4 vuonna uudenvuoden ikkuna tulee olemaan jotain erityisen h\u00e4ik\u00e4isev\u00e4\u00e4, sill\u00e4 aloitamme juhlavuoden vieton,\u201d Pia paljastaa hymyillen.<br><br><\/p>\n\n\n\n<figure class=\"wp-block-image size-full is-resized\"><img decoding=\"async\" width=\"1200\" height=\"800\" src=\"https:\/\/ekukka.fi\/wp2\/wp-content\/uploads\/2025\/10\/piankukkapuoti-ekukka-7.jpg\" alt=\"\" class=\"wp-image-35658\" style=\"width:797px;height:auto\" srcset=\"https:\/\/ekukka.fi\/wp2\/wp-content\/uploads\/2025\/10\/piankukkapuoti-ekukka-7.jpg 1200w, https:\/\/ekukka.fi\/wp2\/wp-content\/uploads\/2025\/10\/piankukkapuoti-ekukka-7-980x551.jpg 980w, https:\/\/ekukka.fi\/wp2\/wp-content\/uploads\/2025\/10\/piankukkapuoti-ekukka-7-480x270.jpg 480w\" sizes=\"(min-width: 0px) and (max-width: 480px) 480px, (min-width: 481px) and (max-width: 980px) 980px, (min-width: 981px) 1200px, 100vw\" \/><\/figure>\n\n\n\n<p><\/p>\n\n\n\n<p><\/p>\n\n\n\n<h2 class=\"wp-block-heading\">Kotimaista palvelua yli 500 kukkakaupassa<\/h2>\n\n\n\n<div class=\"wp-block-media-text\" style=\"grid-template-columns:28% auto\"><figure class=\"wp-block-media-text__media\"><img decoding=\"async\" width=\"469\" height=\"469\" src=\"https:\/\/ekukka.fi\/wp2\/wp-content\/uploads\/2025\/06\/avainlippu-2.jpg\" alt=\"\" class=\"wp-image-35123 size-full\" srcset=\"https:\/\/ekukka.fi\/wp2\/wp-content\/uploads\/2025\/06\/avainlippu-2.jpg 469w, https:\/\/ekukka.fi\/wp2\/wp-content\/uploads\/2025\/06\/avainlippu-2-150x150.jpg 150w, https:\/\/ekukka.fi\/wp2\/wp-content\/uploads\/2025\/06\/avainlippu-2-250x250.jpg 250w, https:\/\/ekukka.fi\/wp2\/wp-content\/uploads\/2025\/06\/avainlippu-2-350x350.jpg 350w, https:\/\/ekukka.fi\/wp2\/wp-content\/uploads\/2025\/06\/avainlippu-2-400x400.jpg 400w, https:\/\/ekukka.fi\/wp2\/wp-content\/uploads\/2025\/06\/avainlippu-2-45x45.jpg 45w\" sizes=\"(max-width: 469px) 100vw, 469px\" \/><\/figure><div class=\"wp-block-media-text__content\">\n<p>eKukka.fi-palvelulle ja yli 500 eKukka-kauppiaalle on my\u00f6nnetty Avainlippu. Jokainen kauttamme tehty ostos tukee pienyrityksi\u00e4 ja suomalaista ty\u00f6t\u00e4.<\/p>\n<\/div><\/div>\n\n\n\n<p><\/p>\n\n\n\n<p><\/p>\n\n\n\n<p class=\"has-text-align-center\">Kukkal\u00e4hetys M\u00e4ntt\u00e4\u00e4n, Vilppulaan ja l\u00e4hialueelle? Valitse kukat Pian Kukkapuodin valikoimasta, lis\u00e4\u00e4 kukkal\u00e4hetykseen my\u00f6s kortti ja valitse haluamasi toimitustapa. Kukat ja kortti ovat t\u00e4ydellinen paketti l\u00e4himm\u00e4isesi ilahduttamiseen ja muistamiseen.<\/p>\n\n\n\n<p><\/p>\n\n\n\n<div class=\"wp-block-buttons is-content-justification-center is-layout-flex wp-container-core-buttons-is-layout-16018d1d wp-block-buttons-is-layout-flex\">\n<div class=\"wp-block-button\"><a class=\"wp-block-button__link has-background wp-element-button\" href=\"https:\/\/piankukkapuoti.ekukka.fi\/\" style=\"border-radius:5px;background-color:#528400\"><strong>Siirry Pian Kukkapuodin verkkokauppaan<\/strong><\/a><\/div>\n<\/div>\n\n\n\n<p><\/p>\n\n\n\n<p><\/p>\n","protected":false},"excerpt":{"rendered":"<p>Pian Kukkapuoti on M\u00e4nt\u00e4ss\u00e4 sijaitseva l\u00e4mminhenkinen ja monipuolinen kukkakauppa, joka on kulkenut pitk\u00e4n matkan opiskelijakeikoista omaan yritykseen ja edelleen hautauspalveluiden tarjoajaksi. Pian tarina on t\u00e4ynn\u00e4 intohimoa, luovuutta ja asiakaspalvelun syd\u00e4mellisyytt\u00e4. Pitk\u00e4 matka opiskelijasta yritt\u00e4j\u00e4ksi Ensimm\u00e4inen kosketus alalle tuli jo yl\u00e4asteella ty\u00f6harjoittelussa. \u201cKahden viikon harjoittelu puutarhatalossa vei syd\u00e4meni,\u201d Pia Nieminen muistelee. Sen j\u00e4lkeen h\u00e4n ty\u00f6skenteli jouluapulaisena<a class=\"moretag\" href=\"https:\/\/ekukka.fi\/wp2\/ekukka-kauppias-esittelyssa-pian-kukkapuoti\/\"\u00bb Lue lis\u00e4\u00e4<\/a><\/p>\n","protected":false},"author":5,"featured_media":35657,"comment_status":"closed","ping_status":"open","sticky":false,"template":"","format":"standard","meta":{"_acf_changed":false,"_et_pb_use_builder":"","_et_pb_old_content":"","_et_gb_content_width":"","inline_featured_image":false,"footnotes":""},"categories":[5216],"tags":[],"class_list":["post-35651","post","type-post","status-publish","format-standard","has-post-thumbnail","hentry","category-ekukka-kauppiaat"],"acf":[],"_links":{"self":[{"href":"https:\/\/ekukka.fi\/wp2\/wp-json\/wp\/v2\/posts\/35651","targetHints":{"allow":["GET"]}}],"collection":[{"href":"https:\/\/ekukka.fi\/wp2\/wp-json\/wp\/v2\/posts"}],"about":[{"href":"https:\/\/ekukka.fi\/wp2\/wp-json\/wp\/v2\/types\/post"}],"author":[{"embeddable":true,"href":"https:\/\/ekukka.fi\/wp2\/wp-json\/wp\/v2\/users\/5"}],"replies":[{"embeddable":true,"href":"https:\/\/ekukka.fi\/wp2\/wp-json\/wp\/v2\/comments?post=35651"}],"version-history":[{"count":8,"href":"https:\/\/ekukka.fi\/wp2\/wp-json\/wp\/v2\/posts\/35651\/revisions"}],"predecessor-version":[{"id":35702,"href":"https:\/\/ekukka.fi\/wp2\/wp-json\/wp\/v2\/posts\/35651\/revisions\/35702"}],"wp:featuredmedia":[{"embeddable":true,"href":"https:\/\/ekukka.fi\/wp2\/wp-json\/wp\/v2\/media\/35657"}],"wp:attachment":[{"href":"https:\/\/ekukka.fi\/wp2\/wp-json\/wp\/v2\/media?parent=35651"}],"wp:term":[{"taxonomy":"category","embeddable":true,"href":"https:\/\/ekukka.fi\/wp2\/wp-json\/wp\/v2\/categories?post=35651"},{"taxonomy":"post_tag","embeddable":true,"href":"https:\/\/ekukka.fi\/wp2\/wp-json\/wp\/v2\/tags?post=35651"}],"curies":[{"name":"wp","href":"https:\/\/api.w.org\/{rel}","templated":true}]}}